{"id":3858,"date":"2025-03-29T13:55:23","date_gmt":"2025-03-29T12:55:23","guid":{"rendered":"https:\/\/www.3via.org\/trivia\/?p=3858"},"modified":"2025-08-15T10:20:58","modified_gmt":"2025-08-15T09:20:58","slug":"3858","status":"publish","type":"post","link":"https:\/\/www.3via.org\/trivia\/?p=3858","title":{"rendered":"Na\u0161 odziv na predlog Uredbe o minimalnem pla\u010dilu za samozaposlene v kulturi"},"content":{"rendered":"<p><a href=\"http:\/\/www.3via.org\/trivia\/wp-content\/uploads\/2024\/11\/novicnik_banner.png\"><img loading=\"lazy\" decoding=\"async\" class=\"alignleft size-thumbnail wp-image-3728\" src=\"http:\/\/www.3via.org\/trivia\/wp-content\/uploads\/2024\/11\/novicnik_banner-150x70.png\" alt=\"\" width=\"150\" height=\"70\" srcset=\"https:\/\/www.3via.org\/trivia\/wp-content\/uploads\/2024\/11\/novicnik_banner-150x70.png 150w, https:\/\/www.3via.org\/trivia\/wp-content\/uploads\/2024\/11\/novicnik_banner-300x139.png 300w, https:\/\/www.3via.org\/trivia\/wp-content\/uploads\/2024\/11\/novicnik_banner.png 450w\" sizes=\"auto, (max-width: 150px) 100vw, 150px\" \/><\/a>KUD Trivia \/ Novi\u010dnik za samozaposlene v kulturi je poslal Ministrstvu za kulturo svoje predloge v odziv na javno obravnavo predloga <a href=\"https:\/\/e-uprava.gov.si\/si\/drzava-in-druzba\/e-demokracija\/predlogi-predpisov\/predlog-predpisa.html?id=17649\">Uredbe o minimalnem pla\u010dilu za samozaposlene v kulturi<\/a>.<\/p>\n<p>V predlogih se zavzemamo za upo\u0161tevanje karierne dinamike samozaposlenih kulturnih ustvarjalcev, za zvi\u0161anje pla\u010dnih razredov za vse kulturno-umetni\u0161ke poklice, za ustreznej\u0161e pla\u010dne razrede za nekatere poklice in za definiranje razstavnine.<\/p>\n<p><!--more--><\/p>\n<p>ODZIV NA PREDLOG UREDBE O MINIMALNEM PLA\u010cILU ZA SAMOZAPOSLENE V KULTURI<\/p>\n<p>Spo\u0161tovani!<\/p>\n<p>Pozdravljamo na\u010drte Ministrstva za kulturo, ki bodo samozaposlenim in drugim prekarnim delavcem v kulturi za enako delo omogo\u010dili primerljivo pla\u010dilo, kot ga prejmejo zaposleni v javnih zavodih v kulturi. Menimo, da predlog vzpostavlja nujno potrebno sistemsko podlago za odpravljanje te\u017eav, s katerimi se sre\u010dujemo samozaposleni pri sodelovanju z javnimi zavodi. Pozdravljamo tudi zavezo Ministrstva za kulturo, da za pomo\u010d pri poslovanju dele\u017enikov vsako\u00a0 leto z odredbo objavi natan\u010dne zneske izhodi\u0161\u010dnih pla\u010dil.<\/p>\n<p>Kljub dobrodo\u0161lim spremembam, ki jih prina\u0161a predlog, v njem pogre\u0161amo zaveze, napotke ali vsaj spodbude za upo\u0161tevanje karierne dinamike samozaposlenih kulturnih ustvarjalcev. Zaposleni v javnih zavodih so namre\u010d upravi\u010deni do vi\u0161jih pla\u010dil ali uvrstitev v vi\u0161je pla\u010dne<br \/>\nrazrede tudi glede na izobrazbo, delovno dobo, naziv itd. V predlogu Uredbe bi zato pri\u010dakovali vsaj opozorila, da je pri dolo\u010danju kon\u010dnih vi\u0161in pla\u010dil potrebno posebej upo\u0161tevati tudi karierne razrede, izobrazbo in druge dose\u017eke samozaposlenih.<\/p>\n<p>Ugotavljamo \u0161e naslednje probleme:<\/p>\n<p><strong>1.Prenizki pla\u010dilni razredi\u200c<\/strong><\/p>\n<p><strong>Predlagamo, da se vsem poklicem v Prilogi 1: Tabela s primerljivostjo poklicev zvi\u0161a pla\u010dni razred za 2 razreda, tako da bo najni\u017eji razred na seznamu 20. pla\u010dni razred.<\/strong><\/p>\n<p>Menimo, da je v Prilogi 1 predlagana lestvica med 18. in 23. pla\u010dnim razredom prenizka. Najni\u017eji minimalni pla\u010dni razred bi moral biti najmanj za dva razreda vi\u0161ji. Potrebno je zagotoviti, da bo minimalna urna postavka v najni\u017ejem razredu ob\u010dutno presegla minimalno urno postavko, ki jo je za namen projekta <a href=\"https:\/\/socialna-druzba.si\/sd_w1\/wp content\/uploads\/2018\/09\/Interdisciplinarna-analiza-minimalne-urne-postavke-v atipic%CC%8Cnih-oblikah-dela.pdf\">Interdisciplinarna analiza minimalne urne postavke v atipi\u010dnih oblikah <\/a>dela izra\u010dunalo leta 2018 Gibanje za dostojno delo in socialno dru\u017ebo v sodelovanju s Pravno fakulteto v Ljubljani.<\/p>\n<p>Minimalna urna postavka, ki so jo takrat predlagali, je bila 10,21 \u20ac. Na\u0161 doma\u010di izra\u010dun ka\u017ee, da je v predlogu ministrstva minimalna urna postavka v 18., najni\u017ejem pla\u010dnem razredu ni\u017eja. Pri tem pa niti ni upo\u0161tevana inflacija od leta 2018 do danes. Ker gre pri vseh kulturno-umetni\u0161kih poklicih za specifi\u010dna znanja, za katera je najpogosteje potrebna visoka izobrazba ali\/in razvoj posebnih prakti\u010dnih nadstandardnih ve\u0161\u010din, je nujno, da so tudi najni\u017eji razredi v lestvici pla\u010dnih razredov ob\u010dutno vi\u0161ji.<\/p>\n<p>\u010ceprav javni zavodi ne bodo omejeni pri pla\u010devanju sodelavcev na minimalno pla\u010dilo, ampak lahko ponudijo tudi vi\u0161ji honorar, lahko z veliko verjetnostjo pri\u010dakujemo, da se bo predlagano minimalno pla\u010dilo uveljavilo kot splo\u0161na praksa in da bodo imeli kulturni delavci malo manevrskega prostora za spremembo cene.<\/p>\n<p><strong>2. Neustrezni pla\u010dni razredi za nekatere poklice<\/strong><\/p>\n<p><strong>Predlagamo, da se poklici Intermedijski umetnik, Kipar, Kostumograf, Slikar, Videast in <\/strong><strong>Vizualni performer uvstijo v pet razredov vi\u0161ji pla\u010dni razred.<\/strong><\/p>\n<p>Ugovarjamo uvrstitvam poklicev Intermedijski umetnik, Kipar, Kostumograf, Slikar, Videast in Vizualni performer v najni\u017eji, 18. pla\u010dni razred. \u010ce te poklice primerjamo z novim, do neke mere sorodnim poklicem Transdisciplinarni ustvarjalec (19. pl. razred), ki pa je v praksi \u0161e dokaj nedefiniran, ni jasno, zakaj so zgoraj navedeni poklici, ki imajo dalj\u0161o tradicijo, v Prilogi 1 uvr\u0161\u010deni v ni\u017eji razred.<\/p>\n<p>Nesprejemljivo je tudi, da so kustosi, katerih delo izhaja iz vrednotenja, ume\u0161\u010danja in interpretiranja del prav zgoraj navedenih poklicev, ocenjeni vi\u0161je kot sami ustvarjalci. Podobno je pri poklicu konservator-restavrator, ki je uvr\u0161\u010den v 20. pla\u010dni razred, pri \u010demer gre za poklic, ki skrbi za ohranjanje del, ki jih med drugimi ustvarijo ravno kiparji in slikarji.<\/p>\n<p>\u010ceprav naj bi 18. pla\u010dni razred, dolo\u010den za ustvarjalne poklice na vizualnem in intermedijskem podro\u010dju, temeljil na \u017ee obstoje\u010dih primerljivih delovnih mestih v javnih zavodih, smo prepri\u010dani, da je \u0161tevilo dejansko zaposlenih delavcev z nazivom Slikar ali Kipar izjemno nizko ali celo neobstoje\u010de. Zato se razredi skozi leta niso primerno usklajevali in so posledi\u010dno zastarelo vrednoteni. Trenutno predlagano vrednotenje tako ne upo\u0161teva dejavnika ustvarjalnosti, izobrazbe in kompleksnosti dela navedenih poklicev, prav tako pa ponovno pu\u0161\u010da najbolj ranljive in finan\u010dno podcenjene poklice iz vizualnega podro\u010dja na cedilu.<\/p>\n<p>O minimalnih urnih postavkah za samozaposlene v kulturi se je \u017ee leta 2017 izrekel tudi sindikat Glosa. Poklic Slikar je v njihovem <a href=\"https:\/\/www.sindikat-glosa.si\/\/assets\/suki\/cenadelaSZK.PDF\">Ceniku dela za samozaposlene v kulturi<\/a> uvr\u0161\u010den v 30. pla\u010dni razred, v 18. razred pa je uvr\u0161\u010den poklic Slikar ka\u0161er, ki ni primerljiv poklic.<\/p>\n<p>Predlog Ministrstva za kulturo izkazuje neskladje med vrednotenjem avtorskih in tehni\u010dnih del, saj so poklici, ki so bolj tehni\u010dne narave (npr. kolorist, ugla\u0161evalec glasbil), uvr\u0161\u010deni vi\u0161je kot poklici iz vizualnega in intermedijskega podro\u010dja. Intermedijski umetniki, kiparji, kostumografi, slikarji, videasti in vizualni performerji so najve\u010dkrat avtorji z univerzitetno izobrazbo, ki ustvarjajo kompleksna avtorska dela in ne opravljajo zgolj strokovnih tehni\u010dnih del. Poklici iz vizualnega in intermedijskega podro\u010dja si po na\u0161em mnenju zaslu\u017eijo uvrstitev v enak pla\u010dni razred, kot so ga dele\u017eni primerljivi poklici knji\u017eevnik \/ dramatik \/ esejist \/ pesnik \/ pisatelj in filmski re\u017eiser.<\/p>\n<p><strong>3. Nedefinirano vpra\u0161anje razstavnin<\/strong><\/p>\n<p><strong>Predlagamo, da ministrstvo v pogovorih s stanovskimi dru\u0161tvi, umetniki in javnimi <\/strong><strong>zavodi definira razstavnino. Opredeli naj storitve in stro\u0161ke sodelovanj umetnikov na <\/strong><strong>razstavah ter po potrebi oblikuje zavezujo\u010di tarifnik razstavnin.<\/strong><\/p>\n<p>Ob predlogu Uredbe se odpira vpra\u0161anje razstavnin. Muzeji in galerije razstavnino razumejo razli\u010dno, \u0161e vedno pa so te\u017eave z razumevanjem tega, da umetniku za sodelovanje na razstavi pripada pla\u010dilo. Predlog uredbe bo dosegel cilj, \u010de bo izkoreninil odpor proti pla\u010devanju umetnikov za sodelovanje na razstavah.<\/p>\n<p>Da bi to dosegli, je potrebno definirati, kaj se pla\u010duje z razstavnino, oz. kaj je njeno bistvo. Potrebno je dolo\u010diti, kaj bodo javni zavodi zavezani pla\u010dati umetnikom, kadar ti razstavljajo v njihovih prostorih. Je razstavnina povezana z deli in stro\u0161ki, kot so postavljanje in podiranje razstave, sodelovanje pri promociji razstave, izdelava novega avtorskega dela, materialni stro\u0161ki, stro\u0161ki poti, parkirnin, dnevnic in no\u010ditev? Ali pa je razstavnina nadomestilo uporabe umetni\u0161kih del za \u010das, ko so postavljena na ogled javnosti?<\/p>\n<p>Za izhodi\u0161\u010de pogovorov lahko slu\u017ei <a href=\"http:\/\/www.ljudmila.org\/odprtazbornica\/?page_id=345\">cenik Odprte zbornice za sodobno umetnost<\/a>, ki je leta 2016 predlagala likovnim, vizualnim, intermedijskim in interdisciplinarnim umetnikom, da upo\u0161tevajo priporo\u010dene cene razstavnin in drugih avtorskih honorarjev.<\/p>\n<p>Za Novi\u010dnik za samozaposlene v kulturi: mag. Marija Mojca Punger\u010dar, vodja in urednica<\/p>\n<p>Ljubljana, 28. 3. 2025<br \/>\n___________________<br \/>\nAktivnost sofinancira Ministrstvo za kulturo v okviru JR za izbor projektov krepitve podpornega okolja v kulturi v letih 2024\u20132025.<\/p>\n<p><a href=\"http:\/\/www.3via.org\/trivia\/wp-content\/uploads\/2025\/03\/KUD-Trivia-Odziv-na-Uredbo-minimal.pdf\">Besedilo pdf<\/a><\/p>\n","protected":false},"excerpt":{"rendered":"<p>KUD Trivia \/ Novi\u010dnik za samozaposlene v kulturi je poslal Ministrstvu za kulturo svoje predloge v odziv na javno obravnavo predloga Uredbe o minimalnem pla\u010dilu za samozaposlene v kulturi. V predlogih se zavzemamo za upo\u0161tevanje karierne dinamike samozaposlenih kulturnih ustvarjalcev, za zvi\u0161anje pla\u010dnih razredov za vse kulturno-umetni\u0161ke poklice, za ustreznej\u0161e pla\u010dne razrede za nekatere poklice [&hellip;]<\/p>\n","protected":false},"author":9,"featured_media":0,"comment_status":"closed","ping_status":"closed","sticky":false,"template":"","format":"standard","meta":{"footnotes":""},"categories":[3,1],"tags":[],"class_list":["post-3858","post","type-post","status-publish","format-standard","hentry","category-news","category-projects"],"_links":{"self":[{"href":"https:\/\/www.3via.org\/trivia\/index.php?rest_route=\/wp\/v2\/posts\/3858","targetHints":{"allow":["GET"]}}],"collection":[{"href":"https:\/\/www.3via.org\/trivia\/index.php?rest_route=\/wp\/v2\/posts"}],"about":[{"href":"https:\/\/www.3via.org\/trivia\/index.php?rest_route=\/wp\/v2\/types\/post"}],"author":[{"embeddable":true,"href":"https:\/\/www.3via.org\/trivia\/index.php?rest_route=\/wp\/v2\/users\/9"}],"replies":[{"embeddable":true,"href":"https:\/\/www.3via.org\/trivia\/index.php?rest_route=%2Fwp%2Fv2%2Fcomments&post=3858"}],"version-history":[{"count":11,"href":"https:\/\/www.3via.org\/trivia\/index.php?rest_route=\/wp\/v2\/posts\/3858\/revisions"}],"predecessor-version":[{"id":3979,"href":"https:\/\/www.3via.org\/trivia\/index.php?rest_route=\/wp\/v2\/posts\/3858\/revisions\/3979"}],"wp:attachment":[{"href":"https:\/\/www.3via.org\/trivia\/index.php?rest_route=%2Fwp%2Fv2%2Fmedia&parent=3858"}],"wp:term":[{"taxonomy":"category","embeddable":true,"href":"https:\/\/www.3via.org\/trivia\/index.php?rest_route=%2Fwp%2Fv2%2Fcategories&post=3858"},{"taxonomy":"post_tag","embeddable":true,"href":"https:\/\/www.3via.org\/trivia\/index.php?rest_route=%2Fwp%2Fv2%2Ftags&post=3858"}],"curies":[{"name":"wp","href":"https:\/\/api.w.org\/{rel}","templated":true}]}}